[{"@context":"https:\/\/schema.org\/","@type":"Article","@id":"https:\/\/www.vcespd.cz\/proc-si-tak-vazime-sveho-kulturniho-dedictvi\/#Article","mainEntityOfPage":"https:\/\/www.vcespd.cz\/proc-si-tak-vazime-sveho-kulturniho-dedictvi\/","headline":"Pro\u010d si tak v\u00e1\u017e\u00edme sv\u00e9ho kulturn\u00edho d\u011bdictv\u00ed","name":"Pro\u010d si tak v\u00e1\u017e\u00edme sv\u00e9ho kulturn\u00edho d\u011bdictv\u00ed","description":"O kulturn&Atilde;&shy;m d&Auml;&#8250;dictv&Atilde;&shy; toho bylo ji&Aring;&frac34; &Aring;&#8482;e&Auml;eno a naps&Atilde;&iexcl;no mnoho. Jen m&Atilde;&iexcl;lo lid&Atilde;&shy; v&Aring;&iexcl;ak skute&Auml;n&Auml;&#8250; v&Atilde;&shy;, co si pod t&Atilde;&shy;mto [&hellip;]","datePublished":"2023-08-23","dateModified":"2024-04-23","author":{"@type":"Person","@id":"https:\/\/www.vcespd.cz\/author\/#Person","name":"","url":"https:\/\/www.vcespd.cz\/author\/","identifier":1,"image":{"@type":"ImageObject","@id":"https:\/\/secure.gravatar.com\/avatar\/44215cbfc388d6c267f7eccf0a5fae95a459f733d44435ee1a21bfc9d2aea339?s=96&d=mm&r=g","url":"https:\/\/secure.gravatar.com\/avatar\/44215cbfc388d6c267f7eccf0a5fae95a459f733d44435ee1a21bfc9d2aea339?s=96&d=mm&r=g","height":96,"width":96}},"publisher":{"@type":"Organization","name":"vcespd.cz","logo":{"@type":"ImageObject","@id":"\/logo.png","url":"\/logo.png","width":600,"height":60}},"image":{"@type":"ImageObject","@id":"https:\/\/www.vcespd.cz\/wp-content\/uploads\/tradice2_7.jpg","url":"https:\/\/www.vcespd.cz\/wp-content\/uploads\/tradice2_7.jpg","height":0,"width":0},"url":"https:\/\/www.vcespd.cz\/proc-si-tak-vazime-sveho-kulturniho-dedictvi\/","about":["Kultura"],"wordCount":776,"articleBody":"O kulturn&Atilde;&shy;m d&Auml;&#8250;dictv&Atilde;&shy; toho bylo ji&Aring;&frac34; &Aring;&#8482;e&Auml;eno a naps&Atilde;&iexcl;no mnoho. Jen m&Atilde;&iexcl;lo lid&Atilde;&shy; v&Aring;&iexcl;ak skute&Auml;n&Auml;&#8250; v&Atilde;&shy;, co si pod t&Atilde;&shy;mto pojmem p&Aring;&#8482;edstavit. Je toti&Aring;&frac34; mnohem &Aring;&iexcl;ir&Aring;&iexcl;&Atilde;&shy;, ne&Aring;&frac34; by se mohlo na prvn&Atilde;&shy; pohled zd&Atilde;&iexcl;t, a je pravdou, &Aring;&frac34;e na to mysl&Atilde;&shy; i na&Aring;&iexcl;e z&Atilde;&iexcl;kony. Co v&Aring;&iexcl;e pod n&Auml;&#8250;j tedy pat&Aring;&#8482;&Atilde;&shy;?&Acirc;&nbsp;V&Acirc;&nbsp;prvn&Atilde;&shy; &Aring;&#8482;ad&Auml;&#8250; jsou to samoz&Aring;&#8482;ejm&Auml;&#8250; nejr&Aring;&macr;zn&Auml;&#8250;j&Aring;&iexcl;&Atilde;&shy; historick&Atilde;&copy; budovy. Samoz&Aring;&#8482;ejm&Auml;&#8250;, ne ka&Aring;&frac34;d&Atilde;&frac12; star&Atilde;&frac12; d&Aring;&macr;m je kulturn&Atilde;&shy;m d&Auml;&#8250;dictv&Atilde;&shy;m, av&Aring;&iexcl;ak mnoh&Atilde;&copy; z&Acirc;&nbsp;nich za sebou maj&Atilde;&shy; skute&Auml;n&Auml;&#8250; bohatou historii. I proto byly do t&Atilde;&copy;to kategorie za&Aring;&#8482;azeny. D&Aring;&macr;vodem m&Aring;&macr;&Aring;&frac34;e b&Atilde;&frac12;t jejich v&Atilde;&frac12;jime&Auml;n&Atilde;&iexcl; architektura, nebo to, &Aring;&frac34;e se tam narodil &Auml;i bydlel n&Auml;&#8250;kdo slavn&Atilde;&frac12;. Ka&Aring;&frac34;dop&Atilde;&iexcl;dn&Auml;&#8250; budovy jsou v&Acirc;&nbsp;tomto ohledu zdaleka nejzn&Atilde;&iexcl;m&Auml;&#8250;j&Aring;&iexcl;&Atilde;&shy;.&Acirc;&nbsp;&Acirc;&nbsp;Podobn&Auml;&#8250; je tomu s&Acirc;&nbsp;knihami, zvl&Atilde;&iexcl;&Aring;&iexcl;t&Auml;&#8250; pokud se zachovaly skute&Auml;n&Auml;&#8250; p&Aring;&macr;vodn&Atilde;&shy; kopie. Nesm&Atilde;&shy;me toti&Aring;&frac34; zapom&Atilde;&shy;nat, &Aring;&frac34;e a&Aring;&frac34; do vyn&Atilde;&iexcl;lezu knihtisku byly v&Aring;&iexcl;echny knihy opisov&Atilde;&iexcl;ny ru&Auml;n&Auml;&#8250;, a ka&Aring;&frac34;d&Atilde;&iexcl; tedy byla origin&Atilde;&iexcl;l. Pokud se n&Auml;&#8250;jak&Atilde;&iexcl; zachovala, pak nen&Atilde;&shy; divu, &Aring;&frac34;e ji chceme i nad&Atilde;&iexcl;le chr&Atilde;&iexcl;nit. Podobn&Auml;&#8250; je tomu i s&Acirc;&nbsp;obrazy.&Acirc;&nbsp;Ov&Aring;&iexcl;em m&Aring;&macr;&Aring;&frac34;eme sem za&Aring;&#8482;adit i nehmotn&Atilde;&copy; v&Auml;&#8250;ci, jako jsou nap&Aring;&#8482;&Atilde;&shy;klad ur&Auml;it&Atilde;&copy; unik&Atilde;&iexcl;tn&Atilde;&shy; zvyky a tradice. Jsou to t&Aring;&#8482;eba kroje, ale tak&Atilde;&copy; n&Auml;&#8250;kter&Atilde;&copy; lidov&Atilde;&copy; tance nebo i zvyklosti, kter&Atilde;&copy; se nap&Aring;&#8482;&Atilde;&shy;klad v&Acirc;&nbsp;n&Auml;&#8250;kter&Atilde;&frac12;ch vesnic&Atilde;&shy;ch doposud provozuj&Atilde;&shy;. Pokud jsou dostate&Auml;n&Auml;&#8250; v&Atilde;&frac12;znamn&Atilde;&copy;, tohoto statusu se jim dostane.&Acirc;&nbsp;&Acirc;&nbsp;Dobr&Atilde;&iexcl;, ale pro&Auml; tyto v&Auml;&#8250;ci chceme chr&Atilde;&iexcl;nit? Co n&Atilde;&iexcl;s nut&Atilde;&shy; k&Acirc;&nbsp;tomu, abychom jim v&Auml;&#8250;novali takovou pozornost, kdy&Aring;&frac34; jsou z&Acirc;&nbsp;dne&Aring;&iexcl;n&Atilde;&shy;ho pohledu mnohdy zastaral&Atilde;&copy;? D&Aring;&macr;vodem je zde fakt, &Aring;&frac34;e chceme oslavovat na&Aring;&iexcl;e p&Aring;&#8482;edky, uk&Atilde;&iexcl;zat co kdysi lid&Atilde;&copy; dok&Atilde;&iexcl;zali, a to s&Acirc;&nbsp;mnohem men&Aring;&iexcl;&Atilde;&shy;mi prost&Aring;&#8482;edky, ne&Aring;&frac34; m&Atilde;&iexcl;me k&Acirc;&nbsp;dispozici dnes. P&Aring;&#8482;ipom&Atilde;&shy;n&Atilde;&iexcl; n&Atilde;&iexcl;m to, &Auml;eho je lidstvo schopno, pokud se skute&Auml;n&Auml;&#8250; sna&Aring;&frac34;&Atilde;&shy;.&Acirc;&nbsp;Tak&Atilde;&copy; je tu fakt, &Aring;&frac34;e jsme py&Aring;&iexcl;n&Atilde;&shy; na sv&Atilde;&copy; p&Aring;&#8482;edky. Pokud m&Aring;&macr;&Aring;&frac34;eme &Aring;&#8482;&Atilde;&shy;ci, &Aring;&frac34;e n&Auml;&#8250;co &Atilde;&ordm;&Aring;&frac34;asn&Atilde;&copy;ho dok&Atilde;&iexcl;zali, pak je to &Auml;&Atilde;&iexcl;ste&Auml;n&Auml;&#8250; stejn&Atilde;&copy;, jako bychom to dok&Atilde;&iexcl;zali my. Jist&Auml;&#8250;, nen&Atilde;&shy; to spr&Atilde;&iexcl;vn&Atilde;&frac12; p&Aring;&#8482;&Atilde;&shy;stup, av&Aring;&iexcl;ak pro mnoho lid&Atilde;&shy; je zdrojem hrdosti a pocitu identity, kter&Atilde;&iexcl; je pro n&Auml;&#8250; velmi d&Aring;&macr;le&Aring;&frac34;it&Atilde;&iexcl;.                                                                                                                                                                                                                                                                                                                                                                                        3.6\/5 - (12 votes)        "},{"@context":"https:\/\/schema.org\/","@type":"BreadcrumbList","itemListElement":[{"@type":"ListItem","position":1,"name":"Pro\u010d si tak v\u00e1\u017e\u00edme sv\u00e9ho kulturn\u00edho d\u011bdictv\u00ed","item":"https:\/\/www.vcespd.cz\/proc-si-tak-vazime-sveho-kulturniho-dedictvi\/#breadcrumbitem"}]}]