[{"@context":"https:\/\/schema.org\/","@type":"Article","@id":"https:\/\/www.vcespd.cz\/indiani-mohou-skutecne-existovat\/#Article","mainEntityOfPage":"https:\/\/www.vcespd.cz\/indiani-mohou-skutecne-existovat\/","headline":"Indi\u00e1ni mohou skute\u010dn\u011b existovat","name":"Indi\u00e1ni mohou skute\u010dn\u011b existovat","description":"N\u011bkdo z n\u00e1s je star\u0161\u00ed, n\u011bkdo z n\u00e1s mlad\u0161\u00ed, ale i tak si ka\u017ed\u00fd pamatuje, jak\u00e9 to bylo, kdy\u017e jsme [&hellip;]","datePublished":"2019-11-18","dateModified":"2023-05-31","author":{"@type":"Person","@id":"https:\/\/www.vcespd.cz\/author\/#Person","name":"","url":"https:\/\/www.vcespd.cz\/author\/","identifier":1,"image":{"@type":"ImageObject","@id":"https:\/\/secure.gravatar.com\/avatar\/44215cbfc388d6c267f7eccf0a5fae95a459f733d44435ee1a21bfc9d2aea339?s=96&d=mm&r=g","url":"https:\/\/secure.gravatar.com\/avatar\/44215cbfc388d6c267f7eccf0a5fae95a459f733d44435ee1a21bfc9d2aea339?s=96&d=mm&r=g","height":96,"width":96}},"publisher":{"@type":"Organization","name":"vcespd.cz","logo":{"@type":"ImageObject","@id":"\/logo.png","url":"\/logo.png","width":600,"height":60}},"image":{"@type":"ImageObject","@id":"https:\/\/www.vcespd.cz\/wp-content\/uploads\/img_a376650_w3832_t1588162617.jpg","url":"https:\/\/www.vcespd.cz\/wp-content\/uploads\/img_a376650_w3832_t1588162617.jpg","height":0,"width":0},"url":"https:\/\/www.vcespd.cz\/indiani-mohou-skutecne-existovat\/","about":["Byznys"],"wordCount":444,"articleBody":"  N\u011bkdo z n\u00e1s je star\u0161\u00ed, n\u011bkdo z n\u00e1s mlad\u0161\u00ed, ale i tak si ka\u017ed\u00fd pamatuje, jak\u00e9 to bylo, kdy\u017e jsme je\u0161t\u011b byli mal\u00fdmi d\u011btmi, kter\u00e9 nemaj\u00ed \u017e\u00e1dn\u00e9 velk\u00e9 starosti. V t\u00e9to dob\u011b jsme m\u011bli probl\u00e9my maxim\u00e1ln\u011b v tom, \u017ee jsme cht\u011bli p\u0159esp\u00e1vat u sv\u00fdch kamar\u00e1d\u016f, a n\u011bkdy n\u00e1m to rodi\u010de prost\u011b nedovolili. Sice se n\u00e1m to z po\u010d\u00e1tku nel\u00edbilo, ale muselo se poslouchat. I p\u0159esto v\u0161echno bylo v\u0161ak d\u016fle\u017eit\u00e9 v\u011b\u0159it v na\u0161e sny, kter\u00e9 kolikr\u00e1t nebyly mal\u00fdch rozm\u011br\u016f. N\u011bkdo z n\u00e1s cht\u011bl b\u00fdt astronautem \u010di pilotem, p\u0159i\u010dem\u017e d\u00edvky se \u010dasto cht\u011bly st\u00e1t u\u010ditelkami a doktorkami. Av\u0161ak byly tu i d\u011btsk\u00e1 p\u0159\u00e1n\u00ed, kter\u00e9 bylo pon\u011bkud t\u011b\u017ek\u00e9 zrealizovat. Na mysli m\u00e1m zejm\u00e9na to, kdy\u017e si jsme si p\u0159\u00e1li, \u017ee se chceme st\u00e1t indi\u00e1ny. Dnes u\u017e sice v\u00edme, \u017ee to nen\u00ed mo\u017en\u00e9, ale jako mal\u00fdm n\u00e1m to p\u0159i\u0161lo prost\u011b \u00fa\u017easn\u00e9. A jeliko\u017e cht\u011bj\u00ed m\u00edt rodi\u010de doma vesel\u00e9 d\u011bti, sna\u017eili se n\u00e1s i v t\u011bchto touh\u00e1ch podporovat. I pan\u00ed u\u010ditelky se n\u00e1s sna\u017eily v\u00e9st k tomu, \u017ee na\u0161e sny nejsou nemo\u017en\u00e9, a tak jsme si opravdu \u010dasto vytv\u00e1\u0159eli sv\u016fj vlastn\u00ed sv\u011bt. Ve \u0161kolce to v\u0161e za\u010dalo hr\u00e1n\u00edm na obchod, a v r\u00e1mci \u0161kol v p\u0159\u00edrod\u011b to byli ji\u017e zmi\u0148ovan\u00ed indi\u00e1ni. Nejd\u016fle\u017eit\u011bj\u0161\u00edm ze v\u0161eho je v tomto p\u0159\u00edpad\u011b d\u011btsk\u00fd stan teepee, kter\u00fd n\u00e1m slou\u017e\u00ed k tomu, abychom l\u00e9pe poznali, jak tato vybran\u00e1 skupinka obyvatel vlastn\u011b \u017eila. N\u00e1sleduje tak\u00e9 v\u00fdroba oble\u010den\u00ed a indi\u00e1nsk\u00fdch \u010delenek, kde se velmi \u010dasto vyskytuj\u00ed r\u016fznobarevn\u00e1 p\u00edrka. V neposledn\u00ed \u0159ad\u011b si tak\u00e9 ka\u017ed\u00fd kmen vytv\u00e1\u0159\u00ed sv\u016fj vlastn\u00ed totem, kter\u00fd m\u00e1 vlastn\u011b podobn\u00fd v\u00fdznam jako erb u \u0161lechtick\u00fdch rod\u016f. Jedn\u00e1 se tedy o n\u011bco, co je pro danou skupinu typick\u00e9, a co ji charakterizuje. Je tak tedy vid\u011bt, \u017ee v\u0161ichni cht\u011bj\u00ed, aby d\u011bti poznaly, \u017ee je spr\u00e1vn\u00e9, kdy\u017e maj\u00ed sv\u00e9 sny, jeliko\u017e se t\u00edm u nich podporuje zejm\u00e9na kreativita spole\u010dn\u011b s c\u00edlev\u011bdomost\u00ed. A to je velmi dob\u0159e, jeliko\u017e hlavn\u011b tyto dv\u011b vlastnosti budou pot\u0159ebovat v r\u00e1mci sv\u00e9 budoucnosti, a to konkr\u00e9tn\u011b p\u0159i studiu vysok\u00e9 \u0161koly.                                                                                                                                                                                                                                                                                                                                                                                         4.3\/5 - (11 votes)        "},{"@context":"https:\/\/schema.org\/","@type":"BreadcrumbList","itemListElement":[{"@type":"ListItem","position":1,"name":"Indi\u00e1ni mohou skute\u010dn\u011b existovat","item":"https:\/\/www.vcespd.cz\/indiani-mohou-skutecne-existovat\/#breadcrumbitem"}]}]